{"id":47,"date":"2020-01-06T14:54:03","date_gmt":"2020-01-06T13:54:03","guid":{"rendered":"http:\/\/mestel.univ-ghardaia.edu.dz\/?p=47"},"modified":"2020-01-20T12:00:16","modified_gmt":"2020-01-20T11:00:16","slug":"a-national-conference-on-energy-systems-environment-plasma-and-materials-esepm2020","status":"publish","type":"post","link":"https:\/\/mestel.univ-ghardaia.edu.dz\/fr\/a-national-conference-on-energy-systems-environment-plasma-and-materials-esepm2020.html","title":{"rendered":"Une Conf\u00e9rence Nationale sur Syst\u00e8mes \u00c9nerg\u00e9tiques, Environnement, Plasma  et Mat\u00e9riaux \u00ab\u00a0ESEPM\u20192020&Prime;"},"content":{"rendered":"<p><\/p>\n<p class=\"wp-block-pdfemb-pdf-embedder-viewer\"><a href=\"https:\/\/mestel.univ-ghardaia.edu.dz\/wp-content\/uploads\/sites\/8\/2020\/01\/Depliant-ESEPM2020.pdf\" class=\"pdfemb-viewer\" style=\"\" data-width=\"max\" data-height=\"max\" data-toolbar=\"both\" data-toolbar-fixed=\"on\">Depliant ESEPM2020<\/a><\/p>\n<p><a href=\"https:\/\/relex.univ-ghardaia.edu.dz\/wp-content\/uploads\/sites\/10\/2020\/01\/Depliant-ESEPM2020.pdf\">T\u00e9l\u00e9chargez la d\u00e9pliant<\/a><\/p>\n<p><a href=\"https:\/\/relex.univ-ghardaia.edu.dz\/wp-content\/uploads\/sites\/10\/2020\/01\/Fiche-dInscription-ESEPM2020.doc\">T\u00e9l\u00e9chargez la fiche d&rsquo;inscription<\/a><\/p>\n<p><a href=\"https:\/\/relex.univ-ghardaia.edu.dz\/wp-content\/uploads\/sites\/10\/2020\/01\/Article-template-ESEPM-2020.docx\">T\u00e9l\u00e9chargez le mod\u00e8le d&rsquo;article<\/a><\/p>\n<p><a href=\"https:\/\/relex.univ-ghardaia.edu.dz\/wp-content\/uploads\/sites\/10\/2020\/01\/Abstract-Template-ESEPM-2020.docx\">T\u00e9l\u00e9chargez le mod\u00e8le de r\u00e9sum\u00e9<\/a><\/p>","protected":false},"excerpt":{"rendered":"<p>T\u00e9l\u00e9chargez la d\u00e9pliant T\u00e9l\u00e9chargez la fiche d&rsquo;inscription T\u00e9l\u00e9chargez le mod\u00e8le d&rsquo;article T\u00e9l\u00e9chargez le mod\u00e8le de r\u00e9sum\u00e9<\/p>\n","protected":false},"author":1,"featured_media":49,"comment_status":"closed","ping_status":"closed","sticky":false,"template":"","format":"standard","meta":{"_monsterinsights_skip_tracking":false,"_monsterinsights_sitenote_active":false,"_monsterinsights_sitenote_note":"","_monsterinsights_sitenote_category":0,"footnotes":""},"categories":[6],"tags":[],"class_list":["post-47","post","type-post","status-publish","format-standard","has-post-thumbnail","hentry","category-announcements"],"yoast_head":"<!-- This site is optimized with the Yoast SEO plugin v26.8 - https:\/\/yoast.com\/product\/yoast-seo-wordpress\/ -->\n<title>Une Conf\u00e9rence Nationale sur Syst\u00e8mes \u00c9nerg\u00e9tiques, Environnement, Plasma et Mat\u00e9riaux &quot;ESEPM\u20192020&quot; - Laboratoire des mat\u00e9riaux, technologie des syst\u00e8mes energetiques et environnement<\/title>\n<meta name=\"robots\" content=\"index, follow, max-snippet:-1, max-image-preview:large, max-video-preview:-1\" \/>\n<link rel=\"canonical\" href=\"https:\/\/mestel.univ-ghardaia.edu.dz\/a-national-conference-on-energy-systems-environment-plasma-and-materials-esepm2020.html\" \/>\n<meta property=\"og:locale\" content=\"fr_FR\" \/>\n<meta property=\"og:type\" content=\"article\" \/>\n<meta property=\"og:title\" content=\"[:en]A National Conference on Energy Systems, Environment, Plasma and Materials &quot;ESEPM\u20192020&quot;[:fr]Une Conf\u00e9rence Nationale sur Syst\u00e8mes \u00c9nerg\u00e9tiques, Environnement, Plasma et Mat\u00e9riaux &quot;ESEPM\u20192020&quot;[:ar]\u0645\u0644\u062a\u0642\u0649 \u0648\u0637\u0646\u064a \u062d\u0648\u0644 \u0623\u0646\u0638\u0645\u0629 \u0627\u0644\u0637\u0627\u0642\u0629\u060c \u0627\u0644\u0628\u064a\u0626\u0629\u060c \u0627\u0644\u0628\u0644\u0627\u0632\u0645\u0627 \u0648\u0627\u0644\u0645\u0648\u0627\u062f &quot;ESEPM\u20192020&quot;[:ru]\u041d\u0430\u0446\u0438\u043e\u043d\u0430\u043b\u044c\u043d\u0430\u044f \u043a\u043e\u043d\u0444\u0435\u0440\u0435\u043d\u0446\u0438\u044f \u043f\u043e \u044d\u043d\u0435\u0440\u0433\u0435\u0442\u0438\u0447\u0435\u0441\u043a\u0438\u043c \u0441\u0438\u0441\u0442\u0435\u043c\u0430\u043c, \u043e\u043a\u0440\u0443\u0436\u0430\u044e\u0449\u0435\u0439 \u0441\u0440\u0435\u0434\u0435, \u043f\u043b\u0430\u0437\u043c\u0435 \u0438 \u043c\u0430\u0442\u0435\u0440\u0438\u0430\u043b\u0430\u043c &quot;ESEPM\u20192020&quot;[:] - Laboratoire des mat\u00e9riaux, technologie des syst\u00e8mes energetiques et environnement\" \/>\n<meta property=\"og:description\" content=\"T\u00e9l\u00e9chargez la d\u00e9pliant T\u00e9l\u00e9chargez la fiche d&rsquo;inscription T\u00e9l\u00e9chargez le mod\u00e8le d&rsquo;article T\u00e9l\u00e9chargez le mod\u00e8le de r\u00e9sum\u00e9\" \/>\n<meta property=\"og:url\" content=\"https:\/\/mestel.univ-ghardaia.edu.dz\/a-national-conference-on-energy-systems-environment-plasma-and-materials-esepm2020.html\" \/>\n<meta property=\"og:site_name\" content=\"Laboratoire des mat\u00e9riaux, technologie des syst\u00e8mes energetiques et environnement\" \/>\n<meta property=\"article:published_time\" content=\"2020-01-06T13:54:03+00:00\" \/>\n<meta property=\"article:modified_time\" content=\"2020-01-20T11:00:16+00:00\" \/>\n<meta property=\"og:image\" content=\"https:\/\/mestel.univ-ghardaia.edu.dz\/wp-content\/uploads\/sites\/8\/2020\/01\/SNESEPM.jpg\" \/>\n\t<meta property=\"og:image:width\" content=\"480\" \/>\n\t<meta property=\"og:image:height\" content=\"360\" \/>\n\t<meta property=\"og:image:type\" content=\"image\/jpeg\" \/>\n<meta name=\"author\" content=\"\u0625\u062f\u0627\u0631\u0629 \u0627\u0644\u0645\u0648\u0642\u0639\" \/>\n<meta name=\"twitter:card\" content=\"summary_large_image\" \/>\n<meta name=\"twitter:label1\" content=\"\u00c9crit par\" \/>\n\t<meta name=\"twitter:data1\" content=\"\u0625\u062f\u0627\u0631\u0629 \u0627\u0644\u0645\u0648\u0642\u0639\" \/>\n<script type=\"application\/ld+json\" class=\"yoast-schema-graph\">{\"@context\":\"https:\/\/schema.org\",\"@graph\":[{\"@type\":\"Article\",\"@id\":\"https:\/\/mestel.univ-ghardaia.edu.dz\/a-national-conference-on-energy-systems-environment-plasma-and-materials-esepm2020.html#article\",\"isPartOf\":{\"@id\":\"https:\/\/mestel.univ-ghardaia.edu.dz\/a-national-conference-on-energy-systems-environment-plasma-and-materials-esepm2020.html\"},\"author\":{\"name\":\"\u0625\u062f\u0627\u0631\u0629 \u0627\u0644\u0645\u0648\u0642\u0639\",\"@id\":\"https:\/\/mestel.univ-ghardaia.edu.dz\/#\/schema\/person\/09c8debb7ecc245f306819d9d6162dd4\"},\"headline\":\"Une Conf\u00e9rence Nationale sur Syst\u00e8mes \u00c9nerg\u00e9tiques, Environnement, Plasma et Mat\u00e9riaux \u00ab\u00a0ESEPM\u20192020&Prime;\",\"datePublished\":\"2020-01-06T13:54:03+00:00\",\"dateModified\":\"2020-01-20T11:00:16+00:00\",\"mainEntityOfPage\":{\"@id\":\"https:\/\/mestel.univ-ghardaia.edu.dz\/a-national-conference-on-energy-systems-environment-plasma-and-materials-esepm2020.html\"},\"wordCount\":238,\"image\":{\"@id\":\"https:\/\/mestel.univ-ghardaia.edu.dz\/a-national-conference-on-energy-systems-environment-plasma-and-materials-esepm2020.html#primaryimage\"},\"thumbnailUrl\":\"https:\/\/mestel.univ-ghardaia.edu.dz\/wp-content\/uploads\/sites\/8\/2020\/01\/SNESEPM.jpg\",\"articleSection\":[\"Annonces\"],\"inLanguage\":\"fr-FR\"},{\"@type\":\"WebPage\",\"@id\":\"https:\/\/mestel.univ-ghardaia.edu.dz\/a-national-conference-on-energy-systems-environment-plasma-and-materials-esepm2020.html\",\"url\":\"https:\/\/mestel.univ-ghardaia.edu.dz\/a-national-conference-on-energy-systems-environment-plasma-and-materials-esepm2020.html\",\"name\":\"[:en]A National Conference on Energy Systems, Environment, Plasma and Materials \\\"ESEPM\u20192020\\\"[:fr]Une Conf\u00e9rence Nationale sur Syst\u00e8mes \u00c9nerg\u00e9tiques, Environnement, Plasma et Mat\u00e9riaux \\\"ESEPM\u20192020\\\"[:ar]\u0645\u0644\u062a\u0642\u0649 \u0648\u0637\u0646\u064a \u062d\u0648\u0644 \u0623\u0646\u0638\u0645\u0629 \u0627\u0644\u0637\u0627\u0642\u0629\u060c \u0627\u0644\u0628\u064a\u0626\u0629\u060c \u0627\u0644\u0628\u0644\u0627\u0632\u0645\u0627 \u0648\u0627\u0644\u0645\u0648\u0627\u062f \\\"ESEPM\u20192020\\\"[:ru]\u041d\u0430\u0446\u0438\u043e\u043d\u0430\u043b\u044c\u043d\u0430\u044f \u043a\u043e\u043d\u0444\u0435\u0440\u0435\u043d\u0446\u0438\u044f \u043f\u043e \u044d\u043d\u0435\u0440\u0433\u0435\u0442\u0438\u0447\u0435\u0441\u043a\u0438\u043c \u0441\u0438\u0441\u0442\u0435\u043c\u0430\u043c, \u043e\u043a\u0440\u0443\u0436\u0430\u044e\u0449\u0435\u0439 \u0441\u0440\u0435\u0434\u0435, \u043f\u043b\u0430\u0437\u043c\u0435 \u0438 \u043c\u0430\u0442\u0435\u0440\u0438\u0430\u043b\u0430\u043c \\\"ESEPM\u20192020\\\"[:] - Laboratoire des mat\u00e9riaux, technologie des syst\u00e8mes energetiques et environnement\",\"isPartOf\":{\"@id\":\"https:\/\/mestel.univ-ghardaia.edu.dz\/#website\"},\"primaryImageOfPage\":{\"@id\":\"https:\/\/mestel.univ-ghardaia.edu.dz\/a-national-conference-on-energy-systems-environment-plasma-and-materials-esepm2020.html#primaryimage\"},\"image\":{\"@id\":\"https:\/\/mestel.univ-ghardaia.edu.dz\/a-national-conference-on-energy-systems-environment-plasma-and-materials-esepm2020.html#primaryimage\"},\"thumbnailUrl\":\"https:\/\/mestel.univ-ghardaia.edu.dz\/wp-content\/uploads\/sites\/8\/2020\/01\/SNESEPM.jpg\",\"datePublished\":\"2020-01-06T13:54:03+00:00\",\"dateModified\":\"2020-01-20T11:00:16+00:00\",\"author\":{\"@id\":\"https:\/\/mestel.univ-ghardaia.edu.dz\/#\/schema\/person\/09c8debb7ecc245f306819d9d6162dd4\"},\"inLanguage\":\"fr-FR\",\"potentialAction\":[{\"@type\":\"ReadAction\",\"target\":[\"https:\/\/mestel.univ-ghardaia.edu.dz\/a-national-conference-on-energy-systems-environment-plasma-and-materials-esepm2020.html\"]}]},{\"@type\":\"ImageObject\",\"inLanguage\":\"fr-FR\",\"@id\":\"https:\/\/mestel.univ-ghardaia.edu.dz\/a-national-conference-on-energy-systems-environment-plasma-and-materials-esepm2020.html#primaryimage\",\"url\":\"https:\/\/mestel.univ-ghardaia.edu.dz\/wp-content\/uploads\/sites\/8\/2020\/01\/SNESEPM.jpg\",\"contentUrl\":\"https:\/\/mestel.univ-ghardaia.edu.dz\/wp-content\/uploads\/sites\/8\/2020\/01\/SNESEPM.jpg\",\"width\":480,\"height\":360,\"caption\":\"ESEPM2020\"},{\"@type\":\"WebSite\",\"@id\":\"https:\/\/mestel.univ-ghardaia.edu.dz\/#website\",\"url\":\"https:\/\/mestel.univ-ghardaia.edu.dz\/\",\"name\":\"Laboratoire des mat\u00e9riaux, technologie des syst\u00e8mes energetiques et environnement\",\"description\":\"Universit\u00e9 de Ghardaia\",\"potentialAction\":[{\"@type\":\"SearchAction\",\"target\":{\"@type\":\"EntryPoint\",\"urlTemplate\":\"https:\/\/mestel.univ-ghardaia.edu.dz\/?s={search_term_string}\"},\"query-input\":{\"@type\":\"PropertyValueSpecification\",\"valueRequired\":true,\"valueName\":\"search_term_string\"}}],\"inLanguage\":\"fr-FR\"},{\"@type\":\"Person\",\"@id\":\"https:\/\/mestel.univ-ghardaia.edu.dz\/#\/schema\/person\/09c8debb7ecc245f306819d9d6162dd4\",\"name\":\"\u0625\u062f\u0627\u0631\u0629 \u0627\u0644\u0645\u0648\u0642\u0639\",\"image\":{\"@type\":\"ImageObject\",\"inLanguage\":\"fr-FR\",\"@id\":\"https:\/\/mestel.univ-ghardaia.edu.dz\/#\/schema\/person\/image\/\",\"url\":\"https:\/\/mestel.univ-ghardaia.edu.dz\/wp-content\/uploads\/sites\/8\/2019\/07\/logo-150x150.png\",\"contentUrl\":\"https:\/\/mestel.univ-ghardaia.edu.dz\/wp-content\/uploads\/sites\/8\/2019\/07\/logo-150x150.png\",\"caption\":\"\u0625\u062f\u0627\u0631\u0629 \u0627\u0644\u0645\u0648\u0642\u0639\"},\"url\":\"https:\/\/mestel.univ-ghardaia.edu.dz\/fr\/author\/khal3d\"}]}<\/script>\n<!-- \/ Yoast SEO plugin. -->","yoast_head_json":{"title":"[:en]A National Conference on Energy Systems, Environment, Plasma and Materials \"ESEPM\u20192020\"[:fr]Une Conf\u00e9rence Nationale sur Syst\u00e8mes \u00c9nerg\u00e9tiques, Environnement, Plasma et Mat\u00e9riaux \"ESEPM\u20192020\"[:ar]\u0645\u0644\u062a\u0642\u0649 \u0648\u0637\u0646\u064a \u062d\u0648\u0644 \u0623\u0646\u0638\u0645\u0629 \u0627\u0644\u0637\u0627\u0642\u0629\u060c \u0627\u0644\u0628\u064a\u0626\u0629\u060c \u0627\u0644\u0628\u0644\u0627\u0632\u0645\u0627 \u0648\u0627\u0644\u0645\u0648\u0627\u062f \"ESEPM\u20192020\"[:ru]\u041d\u0430\u0446\u0438\u043e\u043d\u0430\u043b\u044c\u043d\u0430\u044f \u043a\u043e\u043d\u0444\u0435\u0440\u0435\u043d\u0446\u0438\u044f \u043f\u043e \u044d\u043d\u0435\u0440\u0433\u0435\u0442\u0438\u0447\u0435\u0441\u043a\u0438\u043c \u0441\u0438\u0441\u0442\u0435\u043c\u0430\u043c, \u043e\u043a\u0440\u0443\u0436\u0430\u044e\u0449\u0435\u0439 \u0441\u0440\u0435\u0434\u0435, \u043f\u043b\u0430\u0437\u043c\u0435 \u0438 \u043c\u0430\u0442\u0435\u0440\u0438\u0430\u043b\u0430\u043c \"ESEPM\u20192020\"[:] - Laboratoire des mat\u00e9riaux, technologie des syst\u00e8mes energetiques et environnement","robots":{"index":"index","follow":"follow","max-snippet":"max-snippet:-1","max-image-preview":"max-image-preview:large","max-video-preview":"max-video-preview:-1"},"canonical":"https:\/\/mestel.univ-ghardaia.edu.dz\/a-national-conference-on-energy-systems-environment-plasma-and-materials-esepm2020.html","og_locale":"fr_FR","og_type":"article","og_title":"[:en]A National Conference on Energy Systems, Environment, Plasma and Materials \"ESEPM\u20192020\"[:fr]Une Conf\u00e9rence Nationale sur Syst\u00e8mes \u00c9nerg\u00e9tiques, Environnement, Plasma et Mat\u00e9riaux \"ESEPM\u20192020\"[:ar]\u0645\u0644\u062a\u0642\u0649 \u0648\u0637\u0646\u064a \u062d\u0648\u0644 \u0623\u0646\u0638\u0645\u0629 \u0627\u0644\u0637\u0627\u0642\u0629\u060c \u0627\u0644\u0628\u064a\u0626\u0629\u060c \u0627\u0644\u0628\u0644\u0627\u0632\u0645\u0627 \u0648\u0627\u0644\u0645\u0648\u0627\u062f \"ESEPM\u20192020\"[:ru]\u041d\u0430\u0446\u0438\u043e\u043d\u0430\u043b\u044c\u043d\u0430\u044f \u043a\u043e\u043d\u0444\u0435\u0440\u0435\u043d\u0446\u0438\u044f \u043f\u043e \u044d\u043d\u0435\u0440\u0433\u0435\u0442\u0438\u0447\u0435\u0441\u043a\u0438\u043c \u0441\u0438\u0441\u0442\u0435\u043c\u0430\u043c, \u043e\u043a\u0440\u0443\u0436\u0430\u044e\u0449\u0435\u0439 \u0441\u0440\u0435\u0434\u0435, \u043f\u043b\u0430\u0437\u043c\u0435 \u0438 \u043c\u0430\u0442\u0435\u0440\u0438\u0430\u043b\u0430\u043c \"ESEPM\u20192020\"[:] - Laboratoire des mat\u00e9riaux, technologie des syst\u00e8mes energetiques et environnement","og_description":"T\u00e9l\u00e9chargez la d\u00e9pliant T\u00e9l\u00e9chargez la fiche d&rsquo;inscription T\u00e9l\u00e9chargez le mod\u00e8le d&rsquo;article T\u00e9l\u00e9chargez le mod\u00e8le de r\u00e9sum\u00e9","og_url":"https:\/\/mestel.univ-ghardaia.edu.dz\/a-national-conference-on-energy-systems-environment-plasma-and-materials-esepm2020.html","og_site_name":"Laboratoire des mat\u00e9riaux, technologie des syst\u00e8mes energetiques et environnement","article_published_time":"2020-01-06T13:54:03+00:00","article_modified_time":"2020-01-20T11:00:16+00:00","og_image":[{"width":480,"height":360,"url":"https:\/\/mestel.univ-ghardaia.edu.dz\/wp-content\/uploads\/sites\/8\/2020\/01\/SNESEPM.jpg","type":"image\/jpeg"}],"author":"\u0625\u062f\u0627\u0631\u0629 \u0627\u0644\u0645\u0648\u0642\u0639","twitter_card":"summary_large_image","twitter_misc":{"\u00c9crit par":"\u0625\u062f\u0627\u0631\u0629 \u0627\u0644\u0645\u0648\u0642\u0639"},"schema":{"@context":"https:\/\/schema.org","@graph":[{"@type":"Article","@id":"https:\/\/mestel.univ-ghardaia.edu.dz\/a-national-conference-on-energy-systems-environment-plasma-and-materials-esepm2020.html#article","isPartOf":{"@id":"https:\/\/mestel.univ-ghardaia.edu.dz\/a-national-conference-on-energy-systems-environment-plasma-and-materials-esepm2020.html"},"author":{"name":"\u0625\u062f\u0627\u0631\u0629 \u0627\u0644\u0645\u0648\u0642\u0639","@id":"https:\/\/mestel.univ-ghardaia.edu.dz\/#\/schema\/person\/09c8debb7ecc245f306819d9d6162dd4"},"headline":"Une Conf\u00e9rence Nationale sur Syst\u00e8mes \u00c9nerg\u00e9tiques, Environnement, Plasma et Mat\u00e9riaux \u00ab\u00a0ESEPM\u20192020&Prime;","datePublished":"2020-01-06T13:54:03+00:00","dateModified":"2020-01-20T11:00:16+00:00","mainEntityOfPage":{"@id":"https:\/\/mestel.univ-ghardaia.edu.dz\/a-national-conference-on-energy-systems-environment-plasma-and-materials-esepm2020.html"},"wordCount":238,"image":{"@id":"https:\/\/mestel.univ-ghardaia.edu.dz\/a-national-conference-on-energy-systems-environment-plasma-and-materials-esepm2020.html#primaryimage"},"thumbnailUrl":"https:\/\/mestel.univ-ghardaia.edu.dz\/wp-content\/uploads\/sites\/8\/2020\/01\/SNESEPM.jpg","articleSection":["Annonces"],"inLanguage":"fr-FR"},{"@type":"WebPage","@id":"https:\/\/mestel.univ-ghardaia.edu.dz\/a-national-conference-on-energy-systems-environment-plasma-and-materials-esepm2020.html","url":"https:\/\/mestel.univ-ghardaia.edu.dz\/a-national-conference-on-energy-systems-environment-plasma-and-materials-esepm2020.html","name":"[:en]A National Conference on Energy Systems, Environment, Plasma and Materials \"ESEPM\u20192020\"[:fr]Une Conf\u00e9rence Nationale sur Syst\u00e8mes \u00c9nerg\u00e9tiques, Environnement, Plasma et Mat\u00e9riaux \"ESEPM\u20192020\"[:ar]\u0645\u0644\u062a\u0642\u0649 \u0648\u0637\u0646\u064a \u062d\u0648\u0644 \u0623\u0646\u0638\u0645\u0629 \u0627\u0644\u0637\u0627\u0642\u0629\u060c \u0627\u0644\u0628\u064a\u0626\u0629\u060c \u0627\u0644\u0628\u0644\u0627\u0632\u0645\u0627 \u0648\u0627\u0644\u0645\u0648\u0627\u062f \"ESEPM\u20192020\"[:ru]\u041d\u0430\u0446\u0438\u043e\u043d\u0430\u043b\u044c\u043d\u0430\u044f \u043a\u043e\u043d\u0444\u0435\u0440\u0435\u043d\u0446\u0438\u044f \u043f\u043e \u044d\u043d\u0435\u0440\u0433\u0435\u0442\u0438\u0447\u0435\u0441\u043a\u0438\u043c \u0441\u0438\u0441\u0442\u0435\u043c\u0430\u043c, \u043e\u043a\u0440\u0443\u0436\u0430\u044e\u0449\u0435\u0439 \u0441\u0440\u0435\u0434\u0435, \u043f\u043b\u0430\u0437\u043c\u0435 \u0438 \u043c\u0430\u0442\u0435\u0440\u0438\u0430\u043b\u0430\u043c \"ESEPM\u20192020\"[:] - Laboratoire des mat\u00e9riaux, technologie des syst\u00e8mes energetiques et environnement","isPartOf":{"@id":"https:\/\/mestel.univ-ghardaia.edu.dz\/#website"},"primaryImageOfPage":{"@id":"https:\/\/mestel.univ-ghardaia.edu.dz\/a-national-conference-on-energy-systems-environment-plasma-and-materials-esepm2020.html#primaryimage"},"image":{"@id":"https:\/\/mestel.univ-ghardaia.edu.dz\/a-national-conference-on-energy-systems-environment-plasma-and-materials-esepm2020.html#primaryimage"},"thumbnailUrl":"https:\/\/mestel.univ-ghardaia.edu.dz\/wp-content\/uploads\/sites\/8\/2020\/01\/SNESEPM.jpg","datePublished":"2020-01-06T13:54:03+00:00","dateModified":"2020-01-20T11:00:16+00:00","author":{"@id":"https:\/\/mestel.univ-ghardaia.edu.dz\/#\/schema\/person\/09c8debb7ecc245f306819d9d6162dd4"},"inLanguage":"fr-FR","potentialAction":[{"@type":"ReadAction","target":["https:\/\/mestel.univ-ghardaia.edu.dz\/a-national-conference-on-energy-systems-environment-plasma-and-materials-esepm2020.html"]}]},{"@type":"ImageObject","inLanguage":"fr-FR","@id":"https:\/\/mestel.univ-ghardaia.edu.dz\/a-national-conference-on-energy-systems-environment-plasma-and-materials-esepm2020.html#primaryimage","url":"https:\/\/mestel.univ-ghardaia.edu.dz\/wp-content\/uploads\/sites\/8\/2020\/01\/SNESEPM.jpg","contentUrl":"https:\/\/mestel.univ-ghardaia.edu.dz\/wp-content\/uploads\/sites\/8\/2020\/01\/SNESEPM.jpg","width":480,"height":360,"caption":"ESEPM2020"},{"@type":"WebSite","@id":"https:\/\/mestel.univ-ghardaia.edu.dz\/#website","url":"https:\/\/mestel.univ-ghardaia.edu.dz\/","name":"Laboratoire des mat\u00e9riaux, technologie des syst\u00e8mes energetiques et environnement","description":"Universit\u00e9 de Ghardaia","potentialAction":[{"@type":"SearchAction","target":{"@type":"EntryPoint","urlTemplate":"https:\/\/mestel.univ-ghardaia.edu.dz\/?s={search_term_string}"},"query-input":{"@type":"PropertyValueSpecification","valueRequired":true,"valueName":"search_term_string"}}],"inLanguage":"fr-FR"},{"@type":"Person","@id":"https:\/\/mestel.univ-ghardaia.edu.dz\/#\/schema\/person\/09c8debb7ecc245f306819d9d6162dd4","name":"\u0625\u062f\u0627\u0631\u0629 \u0627\u0644\u0645\u0648\u0642\u0639","image":{"@type":"ImageObject","inLanguage":"fr-FR","@id":"https:\/\/mestel.univ-ghardaia.edu.dz\/#\/schema\/person\/image\/","url":"https:\/\/mestel.univ-ghardaia.edu.dz\/wp-content\/uploads\/sites\/8\/2019\/07\/logo-150x150.png","contentUrl":"https:\/\/mestel.univ-ghardaia.edu.dz\/wp-content\/uploads\/sites\/8\/2019\/07\/logo-150x150.png","caption":"\u0625\u062f\u0627\u0631\u0629 \u0627\u0644\u0645\u0648\u0642\u0639"},"url":"https:\/\/mestel.univ-ghardaia.edu.dz\/fr\/author\/khal3d"}]}},"_links":{"self":[{"href":"https:\/\/mestel.univ-ghardaia.edu.dz\/fr\/wp-json\/wp\/v2\/posts\/47","targetHints":{"allow":["GET"]}}],"collection":[{"href":"https:\/\/mestel.univ-ghardaia.edu.dz\/fr\/wp-json\/wp\/v2\/posts"}],"about":[{"href":"https:\/\/mestel.univ-ghardaia.edu.dz\/fr\/wp-json\/wp\/v2\/types\/post"}],"author":[{"embeddable":true,"href":"https:\/\/mestel.univ-ghardaia.edu.dz\/fr\/wp-json\/wp\/v2\/users\/1"}],"replies":[{"embeddable":true,"href":"https:\/\/mestel.univ-ghardaia.edu.dz\/fr\/wp-json\/wp\/v2\/comments?post=47"}],"version-history":[{"count":5,"href":"https:\/\/mestel.univ-ghardaia.edu.dz\/fr\/wp-json\/wp\/v2\/posts\/47\/revisions"}],"predecessor-version":[{"id":57,"href":"https:\/\/mestel.univ-ghardaia.edu.dz\/fr\/wp-json\/wp\/v2\/posts\/47\/revisions\/57"}],"wp:featuredmedia":[{"embeddable":true,"href":"https:\/\/mestel.univ-ghardaia.edu.dz\/fr\/wp-json\/wp\/v2\/media\/49"}],"wp:attachment":[{"href":"https:\/\/mestel.univ-ghardaia.edu.dz\/fr\/wp-json\/wp\/v2\/media?parent=47"}],"wp:term":[{"taxonomy":"category","embeddable":true,"href":"https:\/\/mestel.univ-ghardaia.edu.dz\/fr\/wp-json\/wp\/v2\/categories?post=47"},{"taxonomy":"post_tag","embeddable":true,"href":"https:\/\/mestel.univ-ghardaia.edu.dz\/fr\/wp-json\/wp\/v2\/tags?post=47"}],"curies":[{"name":"wp","href":"https:\/\/api.w.org\/{rel}","templated":true}]}}